{"id":49424,"date":"2018-12-13T08:52:05","date_gmt":"2018-12-13T14:52:05","guid":{"rendered":"https:\/\/www.cloudbits.org.mx\/blog\/?p=49424"},"modified":"2018-12-12T08:56:34","modified_gmt":"2018-12-12T14:56:34","slug":"30-eventos-de-marketing-para-este-2019-que-no-puedes-perderte","status":"publish","type":"post","link":"https:\/\/www.cloudbits.org.mx\/blog\/2018\/12\/30-eventos-de-marketing-para-este-2019-que-no-puedes-perderte\/","title":{"rendered":"30 eventos de Marketing para este 2019 que no puedes perderte"},"content":{"rendered":"\n<p>Cuando llega el a\u00f1o nuevo es el momento de hacer listas de prop\u00f3sitos y listas de planes. Entre ellos, en las listas de objetivos de los responsables de marketing y de publicidad puede estar el de ir a las conferencias y eventos de la industria m\u00e1s interesantes y m\u00e1s relevantes para su negocio. Para hacer las cosas m\u00e1s f\u00e1ciles, hemos hecho una selecci\u00f3n de los eventos de marketing y publicidad a los que no se puede perder la pista en 2019.<\/p>\n\n\n\n<p>Aun as\u00ed, es importante cuando se mira la agenda tener en cuenta que no se debe ir a todos. Hay que comprender muy bien qu\u00e9 se necesita, qu\u00e9 importa y qu\u00e9 se debe saber o conocer y, a partir de ah\u00ed, determinar cu\u00e1l es el calendario que m\u00e1s nos conviene y que mejor encaja con nuestras necesidades e intereses.<\/p>\n\n\n\n<p>De hecho, es probable que para algunos profesionales lo importante no sean los grandes eventos que se convierten en hitos, sino algunos muy especializados o muy de nicho en los que se muestren cosas muy concretas o vinculados a espacios geogr\u00e1ficos m\u00e1s reducidos. De una u otra forma, lo esencial es por tanto ajustar el calendario a las necesidades propias y aunque en nuestro listado de sugerencias ni son todos los que est\u00e1n, ni est\u00e1n todos los que son, no tenemos ninguna duda de que son realmente importantes e interesantes como para apuntarlos en tu agenda.<\/p>\n\n\n\n<h2 class=\"wp-block-heading\">CES Las Vegas<\/h2>\n\n\n\n<p>Desde hace ya a\u00f1os, los grandes eventos de la industria de la tecnolog\u00eda se han empezado a colar tambi\u00e9n en las listas de los grandes eventos de la del marketing y de la publicidad. No necesariamente hay que ir a todos ellos (muchos de ellos tienen entradas muy costosas) pero s\u00ed hay que mantenerse informado de lo que ocurre en ellas. Es lo que pasa con el CES, donde se ven las grandes innovaciones que van a marcar la agenda.&nbsp;<em>8 al 12 enero<\/em>.<\/p>\n\n\n\n<h2 class=\"wp-block-heading\">MWC<\/h2>\n\n\n\n<p>Barcelona acoge un a\u00f1o m\u00e1s el MWC. En esencia es una feria sobre m\u00f3viles y movilidad, pero bien sabemos ya que es mucho m\u00e1s que eso y que es un polo de atracci\u00f3n para muchos m\u00e1s players que los desarrolladores de redes de telecomunicaciones y los fabricantes de m\u00f3viles. El eslogan de este a\u00f1o es conectividad inteligente y entre las ponencias hay muchas muy interesantes y relevantes para los marketeros, desde si la IA es hype o no pasando por como lo digital est\u00e1 cambiando la atenci\u00f3n al consumidor.&nbsp;<em>25 al 28 de febrero.<\/em><\/p>\n\n\n\n<h2 class=\"wp-block-heading\">eShow<\/h2>\n\n\n\n<p>eCommerce y marketing digital son las piezas clave de este evento, que se ha asentado ya en la agenda de ferias y congresos en Espa\u00f1a. Experiencia de consumidor, entorno m\u00f3vil o impacto de las startups son algunos de los temas que abordan. En Barcelona.&nbsp;<em>12 y 13 de marzo.<\/em><\/p>\n\n\n\n<h2 class=\"wp-block-heading\">B2B Marketing Expo<\/h2>\n\n\n\n<p>Es una de las ferias que suele aparecer en los listados de citas europeas en la agenda de los marketeros. Es en Londres y est\u00e1 especializada en marketing en el entorno B2B.&nbsp;<em>27 y 28 de marzo<\/em>.<\/p>\n\n\n\n<h2 class=\"wp-block-heading\">SXVW<\/h2>\n\n\n\n<p>Otro de esos eventos a los que hay que prestar atenci\u00f3n aunque no se est\u00e9 all\u00ed es el estadounidense&nbsp;<strong>SXSW<\/strong>. Es un evento de m\u00fasica y cine, pero que en los \u00faltimos tiempos se ha convertido en un medidor para comprender hacia donde van las cosas online. Se debe apuntar en la agenda un mensaje para leer algunas de las conclusiones que se escriban sobre \u00e9l.<\/p>\n\n\n\n<h2 class=\"wp-block-heading\">Madrid Retail Week<\/h2>\n\n\n\n<p>Es, seg\u00fan sus organizadores, la &#8220;evoluci\u00f3n de OMExpo, con todas las novedades en e-commerce, marketing digital, retail design &amp; retail technology&#8221;. Adem\u00e1s de marketing digital o ecommerce, tambi\u00e9n abordar\u00e1 los cambios en retail y c\u00f3mo la tecnolog\u00eda tiene un impacto no solo en la red sino tambi\u00e9n en el entorno f\u00edsico. Ser\u00e1 en el IFEMA de Madrid.&nbsp;<em>3 y 4 de abril.<\/em><\/p>\n\n\n\n<h2 class=\"wp-block-heading\">Inspirational Festival<\/h2>\n\n\n\n<p>Inspirational es el festival publicitario organizado por la asociaci\u00f3n de la publicidad, el marketing y la comunicaci\u00f3n digital en Espa\u00f1a (IAB Spain), dedicado a la Innovaci\u00f3n en comunicaci\u00f3n digital espa\u00f1ola, dirigido a profesionales del sector. La edici\u00f3n de 2019, se celebrar\u00e1 durante el d\u00eda 8 de Abril en el Circulo de Bellas Artes de la ciudad de Madrid.<\/p>\n\n\n\n<h2 class=\"wp-block-heading\">The Inbounder Global<\/h2>\n\n\n\n<p>The Inbounder Global Conference 2018: El mayor Tour de eventos sobre Inbound y Marketing Digital para descubrir tendencias en Marketing e Innovaci\u00f3n. Durante su \u00faltima edici\u00f3n celebrada en el mes de Abril, los asistentes pudieron disfrutar de 2 d\u00edas de sesiones avanzadas en el marketing digital del presente y del futuro. Todas las ponencias fueron en ingl\u00e9s, con traducci\u00f3n simult\u00e1nea al espa\u00f1ol.<\/p>\n\n\n\n<h2 class=\"wp-block-heading\">Evento Blog<\/h2>\n\n\n\n<p>Desde su primera edici\u00f3n en 2006, EBE (Evento Blog Espa\u00f1a) se ha convertido en un evento esencial y la cita anual por excelencia de la web social en Espa\u00f1a, aunque va m\u00e1s all\u00e1 de ser s\u00f3lo eso. Los asistentes a EBE tiene en com\u00fan la pasi\u00f3n por la innovaci\u00f3n y el futuro, representando a la misma vez un nicho de mercado de gran influencia y relevancia para las empresas dada su capacidad de prescripci\u00f3n. Una de las caracter\u00edsticas que ha diferenciado a EBE es su capacidad por concitar un ambiente rico, interesante pero informal, propicio para la creatividad y el talento.<\/p>\n\n\n\n<h2 class=\"wp-block-heading\">El Sol<\/h2>\n\n\n\n<p>Es el Festival Iberoamericano de la Comunicaci\u00f3n Publicitaria. Permite descubrir qu\u00e9 se est\u00e1 haciendo en publicidad en el mercado iberoamericano y cu\u00e1l es el estado de las cosas, adem\u00e1s de desvelar qui\u00e9nes han sido los mejores del a\u00f1o. A\u00fan no hay fechas claras para 2019, pero se celebra habitualmente en el mes de mayo.<\/p>\n\n\n\n<h2 class=\"wp-block-heading\">DES &#8211; Digital World Business Congress<\/h2>\n\n\n\n<p>Foro sobre transformaci\u00f3n digital y econom\u00eda digital. Incluye zona de exposici\u00f3n pero tambi\u00e9n un programa de conferencias especializadas. Es en Madrid y en Ifema.&nbsp;<em>21 al 23 de mayo<\/em>.<\/p>\n\n\n\n<h2 class=\"wp-block-heading\">OMEExpo<\/h2>\n\n\n\n<p>El evento de referencia en marketing digital &amp; ecommerce de espa\u00f1a. OMExpo re\u00fane bajo un mismo techo a los grandes profesionales de la industria digital para fomentar el intercambio de ideas, experiencias, nuevas pr\u00e1cticas y modelos, adem\u00e1s de acceder a las opiniones de los expertos, a trav\u00e9s de nuestras conferencias y sala de exposiciones. El evento l\u00edder en el negocio digital en Espa\u00f1a donde poder descubrir las pr\u00f3ximas tendencias.<\/p>\n\n\n\n<h2 class=\"wp-block-heading\">Marketing Open Madrid<\/h2>\n\n\n\n<p>El d\u00eda 28 de marzo de 2019 tendr\u00e1 lugar en la capital espa\u00f1ola, este evento abierto al p\u00fablico donde aprender de los mejores expertos las claves de la transformaci\u00f3n digital y estrategias contrastadas para impulsar la empresa digital. Networking, mesas redondas, ponencias y una zona de exposici\u00f3n donde las empresas colaboradoras exponen sus productos y servicios m\u00e1s innovadores para el sector de los negocios en Internet.<\/p>\n\n\n\n<h2 class=\"wp-block-heading\">Hoy es Marketing<\/h2>\n\n\n\n<p>Organizado por ESIC Business &amp; Marketing School, &#8220;Hoy Es Marketing&#8221; es un evento anual para profesionales del mundo empresarial, el marketing, la comunicaci\u00f3n y la econom\u00eda digital en Espa\u00f1a. Constituye una oportunidad \u00fanica para conocer c\u00f3mo las empresas entienden y llevan a cabo el mejor marketing de Espa\u00f1a. Re\u00fane a los m\u00e1s relevantes expertos del sector para dar a conocer estrategias de \u00e9xito de grandes empresas y definir las expectativas y tendencias empresariales del futuro.<\/p>\n\n\n\n<h2 class=\"wp-block-heading\">Publifestival<\/h2>\n\n\n\n<p>Es el Festival Internacional de Publicidad Social, la gran gala de la publicidad y el punto de encuentro para empresas y los profesionales del mundo de la comunicaci\u00f3n con un inter\u00e9s com\u00fan: el Marketing con Causa o la Publicidad Social. En Publifestival se premian y reconocen cada a\u00f1o las ideas m\u00e1s creativas y originales,tv, radio, Internet, marketing, dise\u00f1o, producci\u00f3n, campa\u00f1as hist\u00f3ricas, j\u00f3venes&#8230;<\/p>\n\n\n\n<h2 class=\"wp-block-heading\">Congreso Web<\/h2>\n\n\n\n<p>Uno de los eventos de referencia del marketing online que no debes perderte con multitud de talleres y conferencias sobre Marketing, SEO, Social Media, Anal\u00edtica, Ecommerce&#8230; La octava edici\u00f3n de Congreso Web se celebr\u00f3 durante el primer fin de semana de junio en el World Trade Center de Zaragoza.<\/p>\n\n\n\n<h2 class=\"wp-block-heading\">Premios Nacionales de Marketing<\/h2>\n\n\n\n<p>Los Premios Nacionales de Marketing, organizados por la Asociaci\u00f3n de Marketing de Espa\u00f1a distinguen cada a\u00f1o aquellas estrategias de marketing que sobresalen por su innovaci\u00f3n y por la obtenci\u00f3n de resultados tangibles. La XI edici\u00f3n de los Premios Nacionales de Marketing tendr\u00e1 lugar el 6 de junio de 2019 en el Hip\u00f3dromo de la Zarzuela.<\/p>\n\n\n\n<h2 class=\"wp-block-heading\">Cannes Lions<\/h2>\n\n\n\n<p>El festival por excelencia en el mercado de la publicidad. Son los Oscars de los anuncios, por un lado, y el lugar para aprender qu\u00e9 importa en el mercado, por otro. No es solo importante el palmar\u00e9s, sino todo lo que el festival crea y acoge a modo de ecosistema.&nbsp;<em>17 al 21 de junio<\/em>.<\/p>\n\n\n\n<h2 class=\"wp-block-heading\">IFA<\/h2>\n\n\n\n<p>\u00bfEs esta la menos emocionante de las grandes ferias tecnol\u00f3gicas? Es muy posible. Se celebra en Berl\u00edn y muestra lo que se est\u00e1 haciendo en electr\u00f3nica de consumo. Ayuda a comprender c\u00f3mo se llegar\u00e1 al consumidor en el futuro.&nbsp;<em>6 al 11 de septiembre.<\/em><\/p>\n\n\n\n<h2 class=\"wp-block-heading\">FIAP 2019<\/h2>\n\n\n\n<p>FIAP 2019 (Festival Iberoamericano de Publicidad) uno de los festivales m\u00e1s importantes de Iberoam\u00e9rica y que en esta edici\u00f3n que se celerbrar\u00e1 en la ciudad de Buenos Aires, cumplir\u00e1 su 50 aniversario.<\/p>\n\n\n\n<h2 class=\"wp-block-heading\">El Ojo de Iberom\u00e9rica<\/h2>\n\n\n\n<p>El Ojo de Iberoam\u00e9rica es el primer festival internacional con un criterio y una mirada latina de la creatividad, la comunicaci\u00f3n y el entretenimiento. Este festival, que consta de tres d\u00edas, se celebra anualmente en la ciudad de Buenos Aires a finales del mes de octubre. Est\u00e1 dedicado a los que trabajan en la comunicaci\u00f3n, desde un aspecto creativo, publicitario y otros campos relacionados. Es considerado como uno de los festivales no anglosajones m\u00e1s importantes del mundo, el evento anual atrae normalmente a cientos de j\u00f3venes y personas dedicadas al rubro.<\/p>\n\n\n\n<h2 class=\"wp-block-heading\">Clio Awards<\/h2>\n\n\n\n<p>El Clio Awards es considerado uno de los m\u00e1s famosos premios a la publicidad internacional. Durante su ceremonia, celebrada en el mes de Octubre, diversos galardones se otorgan, entre ellos: televisi\u00f3n, radio, innovaci\u00f3n en los medios de comunicaci\u00f3n, dise\u00f1o, internet o trabajo estudiantil.<\/p>\n\n\n\n<h2 class=\"wp-block-heading\">Cannes Lions<\/h2>\n\n\n\n<p>El Festival Internacional de Creatividad Cannes Lions es un evento global para aquellos que trabajan en \u00e1reas de comunicaci\u00f3n creativa, publicidad y temas relacionados. Es considerado como el festival de publicidad m\u00e1s grande del mundo y atrae a miles de delegados de todo el mundo que atienden para ver el trabajo de los candidatos seleccionados que posteriormente son nominados o premiados en sus diferentes ceremonias y gala de premios.<\/p>\n\n\n\n<h2 class=\"wp-block-heading\">MIPCOM<\/h2>\n\n\n\n<p>La otra gran cita de la industria en Cannes: es el &#8220;mercado de contenido de entretenimiento del mundo&#8221;. No solo es el festival donde se venden y se compran series de televisi\u00f3n, es tambi\u00e9n el lugar para comprender qu\u00e9 est\u00e1 ocurriendo en la industria del entretenimiento.&nbsp;<em>14 al 17 de octubre<\/em>.<\/p>\n\n\n\n<h2 class=\"wp-block-heading\">Premios Eficacia<\/h2>\n\n\n\n<p>Convocados por la Asociaci\u00f3n Espa\u00f1ola de Anunciantes (aea) y con la asesor\u00eda estrat\u00e9gica y organizaci\u00f3n de SCOPEN, los Premios a la Eficacia tienen un claro factor diferenciador: premian y reconocen el trabajo bien hecho del equipo del anunciante y la agencia. Los Premios a la Eficacia son los \u00fanicos galardones en Espa\u00f1a que se centran en resultados conseguidos gracias a la acci\u00f3n de comunicaci\u00f3n (notoriedad, ventas u otro tipo de rentabilidad), y sit\u00faan la Eficacia como aut\u00e9ntico fin de la actividad publicitaria. La Gala de Entrega de los Premios a la Eficacia tiene lugar durante el mes de octubre de 2018 en el Teatro Real de Madrid.<\/p>\n\n\n\n<h2 class=\"wp-block-heading\">El Chupete<\/h2>\n\n\n\n<p>Este festival tiene como eje principal de su filosof\u00eda destacar lo positivo de las acciones de comunicaci\u00f3n infantil. El Chupete a trav\u00e9s de su festival sigue premiando cada a\u00f1o los mejores trabajos de comunicaci\u00f3n infantil y profundiza, a trav\u00e9s de sus distintos foros de conferencias, en los temas mas candentes vinculados a dicha comunicaci\u00f3n.<\/p>\n\n\n\n<h2 class=\"wp-block-heading\">LIA Awards<\/h2>\n\n\n\n<p>London International Awards, popularmente conocidos como los LIA Awards, son uno de los cert\u00e1menes globales con m\u00e1s reconocimiento en el sector creativo, la publicidad, el dise\u00f1o y la tecnolog\u00eda.<\/p>\n\n\n\n<h2 class=\"wp-block-heading\">La Lluna festival<\/h2>\n\n\n\n<p>La Lluna es el punto de encuentro de todo el sector de la comunicaci\u00f3n publicitaria valenciana. El festival La Lluna es considerado como referencia en el panorama publicitario nacional, siendo uno de los eventos ma\u00e1s destacados al promover la comunicaci\u00f3n creativa que se realiza en Alicante, Valencia y Castell\u00f3n.<\/p>\n\n\n\n<h2 class=\"wp-block-heading\">Web Summit Lisboa<\/h2>\n\n\n\n<p>Es una de esas citas tech a las que hay que ir y uno de los eventos que muestran hacia d\u00f3nde van las cosas y c\u00f3mo est\u00e1n cambiando los entornos en los que se mueven los consumidores. Es en Lisboa.<em>&nbsp;4 al 7 de noviembre<\/em>.<\/p>\n\n\n\n<h2 class=\"wp-block-heading\">Luxury Advertising Awards<\/h2>\n\n\n\n<p>Es un festival en donde se pone en valor la importancia de la estrategia de comunicaci\u00f3n de cualquier marca de lujo o premium, como una forma de transmitir la filosof\u00eda de la empresa y al mismo tiempo ayudar a realizar un acercamiento a clientes y referentes sociales. Los Luxury Advertising Awards se celebrar\u00e1n en el Palacio de Congresos de Marbella durante el mes de Diciembre.<\/p>\n\n\n\n<p>Por: PuroMarketing<\/p>\n<!-- AddThis Advanced Settings generic via filter on the_content --><!-- AddThis Share Buttons generic via filter on the_content -->","protected":false},"excerpt":{"rendered":"<p>En este 2019 puedes ir a las conferencias y eventos de la industria m\u00e1s interesantes y m\u00e1s relevantes para su negocio.<!-- AddThis Advanced Settings generic via filter on wp_trim_excerpt --><!-- AddThis Share Buttons generic via filter on wp_trim_excerpt --><\/p>\n","protected":false},"author":1,"featured_media":49425,"comment_status":"open","ping_status":"open","sticky":false,"template":"","format":"standard","meta":{"jetpack_post_was_ever_published":false,"_jetpack_newsletter_access":"","_jetpack_dont_email_post_to_subs":false,"_jetpack_newsletter_tier_id":0,"_jetpack_memberships_contains_paywalled_content":false,"_jetpack_memberships_contains_paid_content":false,"footnotes":""},"categories":[3],"tags":[66,246,42],"class_list":["post-49424","post","type-post","status-publish","format-standard","has-post-thumbnail","hentry","category-marketing-digital","tag-estrategia-digital","tag-eventos-importantes-del-marketing-digital","tag-marketing-digital"],"aioseo_notices":[],"jetpack_featured_media_url":"https:\/\/i0.wp.com\/www.cloudbits.org.mx\/blog\/wp-content\/uploads\/2018\/12\/eventos.jpeg?fit=1280%2C480&ssl=1","jetpack_shortlink":"https:\/\/wp.me\/p90Gx9-cRa","jetpack-related-posts":[],"jetpack_sharing_enabled":true,"jetpack_likes_enabled":true,"_links":{"self":[{"href":"https:\/\/www.cloudbits.org.mx\/blog\/wp-json\/wp\/v2\/posts\/49424","targetHints":{"allow":["GET"]}}],"collection":[{"href":"https:\/\/www.cloudbits.org.mx\/blog\/wp-json\/wp\/v2\/posts"}],"about":[{"href":"https:\/\/www.cloudbits.org.mx\/blog\/wp-json\/wp\/v2\/types\/post"}],"author":[{"embeddable":true,"href":"https:\/\/www.cloudbits.org.mx\/blog\/wp-json\/wp\/v2\/users\/1"}],"replies":[{"embeddable":true,"href":"https:\/\/www.cloudbits.org.mx\/blog\/wp-json\/wp\/v2\/comments?post=49424"}],"version-history":[{"count":0,"href":"https:\/\/www.cloudbits.org.mx\/blog\/wp-json\/wp\/v2\/posts\/49424\/revisions"}],"wp:featuredmedia":[{"embeddable":true,"href":"https:\/\/www.cloudbits.org.mx\/blog\/wp-json\/wp\/v2\/media\/49425"}],"wp:attachment":[{"href":"https:\/\/www.cloudbits.org.mx\/blog\/wp-json\/wp\/v2\/media?parent=49424"}],"wp:term":[{"taxonomy":"category","embeddable":true,"href":"https:\/\/www.cloudbits.org.mx\/blog\/wp-json\/wp\/v2\/categories?post=49424"},{"taxonomy":"post_tag","embeddable":true,"href":"https:\/\/www.cloudbits.org.mx\/blog\/wp-json\/wp\/v2\/tags?post=49424"}],"curies":[{"name":"wp","href":"https:\/\/api.w.org\/{rel}","templated":true}]}}